{"id":12026,"date":"2026-03-13T10:13:24","date_gmt":"2026-03-13T09:13:24","guid":{"rendered":"https:\/\/www.sylviebiollu.com\/site\/?p=12026"},"modified":"2026-03-13T10:24:45","modified_gmt":"2026-03-13T09:24:45","slug":"les-naturelles-de-montmorency-2026","status":"publish","type":"post","link":"https:\/\/www.sylviebiollu.com\/site\/2026\/03\/13\/les-naturelles-de-montmorency-2026\/","title":{"rendered":"Les Naturelles de Montmorency &#8211; 2026 !"},"content":{"rendered":"\t\t<div data-elementor-type=\"wp-post\" data-elementor-id=\"12026\" class=\"elementor elementor-12026\">\n\t\t\t\t\t\t<section class=\"elementor-section elementor-top-section elementor-element elementor-element-68c79ac4 elementor-section-boxed elementor-section-height-default elementor-section-height-default\" data-id=\"68c79ac4\" data-element_type=\"section\">\n\t\t\t\t\t\t<div class=\"elementor-container elementor-column-gap-default\">\n\t\t\t\t\t<div class=\"elementor-column elementor-col-100 elementor-top-column elementor-element elementor-element-15ec4212\" data-id=\"15ec4212\" data-element_type=\"column\">\n\t\t\t<div class=\"elementor-widget-wrap elementor-element-populated\">\n\t\t\t\t\t\t<div class=\"elementor-element elementor-element-3926ada7 elementor-widget elementor-widget-text-editor\" data-id=\"3926ada7\" data-element_type=\"widget\" data-widget_type=\"text-editor.default\">\n\t\t\t\t<div class=\"elementor-widget-container\">\n\t\t\t\t\t\t\t\t\t\t\t\t\t\t\t\t\t<\/div>\n\t\t\t\t<\/div>\n\t\t\t\t\t<\/div>\n\t\t<\/div>\n\t\t\t\t\t<\/div>\n\t\t<\/section>\n\t\t\t\t<section class=\"elementor-section elementor-top-section elementor-element elementor-element-f71a24e elementor-section-boxed elementor-section-height-default elementor-section-height-default\" data-id=\"f71a24e\" data-element_type=\"section\">\n\t\t\t\t\t\t<div class=\"elementor-container elementor-column-gap-default\">\n\t\t\t\t\t<div class=\"elementor-column elementor-col-100 elementor-top-column elementor-element elementor-element-c1f913b\" data-id=\"c1f913b\" data-element_type=\"column\">\n\t\t\t<div class=\"elementor-widget-wrap elementor-element-populated\">\n\t\t\t\t\t\t<div class=\"elementor-element elementor-element-2148c57 elementor-widget elementor-widget-text-editor\" data-id=\"2148c57\" data-element_type=\"widget\" data-widget_type=\"text-editor.default\">\n\t\t\t\t<div class=\"elementor-widget-container\">\n\t\t\t\t\t\t\t\t\t<h1 style=\"text-align: center;\"><strong>Dans le parc de l&#8217;H\u00f4tel de Ville de Montmorency<\/strong><\/h1>\n<div><strong>\u00a0<\/strong><\/div>\n<p><strong>Ce Vendredi 13, Samedi 14et Dimanche 15 Mars 2026, Sylvie Biollu<\/strong> exposera ses cr\u00e9ations artisanales aux Naturelles, \u00e9v\u00e8nement incontournable de Montmorency<strong>. <\/strong><\/p>\n<p>Cet\u00a0<strong>\u00e9v\u00e9nement\u00a0<\/strong>aura lieu dans le parc de l&#8217;H\u00f4tel de Ville, avec entr\u00e9e <strong>gratuite.<\/strong><\/p>\n<p>Les horaires d\u2019ouverture sont du vendredi de 13h \u00e0 20h, du samedi de 11h \u00e0 20h et du dimanche de 10h \u00e0 18h.<\/p>\n<p>\u00a0<\/p>\n<p><!-- \/wp:flatsome\/uxbuilder --><!-- wp:paragraph --><\/p>\n<p>\u00a0<\/p>\t\t\t\t\t\t\t\t<\/div>\n\t\t\t\t<\/div>\n\t\t\t\t\t<\/div>\n\t\t<\/div>\n\t\t\t\t\t<\/div>\n\t\t<\/section>\n\t\t\t\t<section class=\"elementor-section elementor-top-section elementor-element elementor-element-5fd2758 elementor-section-boxed elementor-section-height-default elementor-section-height-default\" data-id=\"5fd2758\" data-element_type=\"section\">\n\t\t\t\t\t\t<div class=\"elementor-container elementor-column-gap-default\">\n\t\t\t\t\t<div class=\"elementor-column elementor-col-100 elementor-top-column elementor-element elementor-element-f2b0d85\" data-id=\"f2b0d85\" data-element_type=\"column\">\n\t\t\t<div class=\"elementor-widget-wrap elementor-element-populated\">\n\t\t\t\t\t\t<div class=\"elementor-element elementor-element-a23c12c elementor-widget elementor-widget-image\" data-id=\"a23c12c\" data-element_type=\"widget\" data-widget_type=\"image.default\">\n\t\t\t\t<div class=\"elementor-widget-container\">\n\t\t\t\t\t\t\t\t\t\t\t\t\t\t\t<img fetchpriority=\"high\" decoding=\"async\" width=\"564\" height=\"800\" src=\"https:\/\/www.sylviebiollu.com\/site\/wp-content\/uploads\/2026\/03\/Screenshot-2026-03-13-101336-564x800.png\" class=\"attachment-large size-large wp-image-12030\" alt=\"\" srcset=\"https:\/\/www.sylviebiollu.com\/site\/wp-content\/uploads\/2026\/03\/Screenshot-2026-03-13-101336-564x800.png 564w, https:\/\/www.sylviebiollu.com\/site\/wp-content\/uploads\/2026\/03\/Screenshot-2026-03-13-101336-282x400.png 282w, https:\/\/www.sylviebiollu.com\/site\/wp-content\/uploads\/2026\/03\/Screenshot-2026-03-13-101336-510x724.png 510w, https:\/\/www.sylviebiollu.com\/site\/wp-content\/uploads\/2026\/03\/Screenshot-2026-03-13-101336.png 738w\" sizes=\"(max-width: 564px) 100vw, 564px\" title=\"\">\t\t\t\t\t\t\t\t\t\t\t\t\t\t\t<\/div>\n\t\t\t\t<\/div>\n\t\t\t\t\t<\/div>\n\t\t<\/div>\n\t\t\t\t\t<\/div>\n\t\t<\/section>\n\t\t\t\t<\/div>\n\t\t","protected":false},"excerpt":{"rendered":"<p>Dans le parc de l&#8217;H\u00f4tel de Ville de Montmorency \u00a0 Ce Vendredi 13, Samedi 14et Dimanche 15 Mars 2026, Sylvie Biollu exposera ses cr\u00e9ations artisanales aux Naturelles, \u00e9v\u00e8nement incontournable de Montmorency. Cet\u00a0\u00e9v\u00e9nement\u00a0aura lieu dans le parc de l&#8217;H\u00f4tel de Ville, avec entr\u00e9e gratuite. Les horaires d\u2019ouverture sont du vendredi de 13h \u00e0 20h, du samedi [&#8230;]\n","protected":false},"author":1,"featured_media":12040,"comment_status":"open","ping_status":"closed","sticky":false,"template":"","format":"standard","meta":{"footnotes":""},"categories":[235],"tags":[605,459,461,606,458],"class_list":["post-12026","post","type-post","status-publish","format-standard","has-post-thumbnail","hentry","category-actualites","tag-605","tag-exposition","tag-made-in-france","tag-mars","tag-salon"],"_links":{"self":[{"href":"https:\/\/www.sylviebiollu.com\/site\/wp-json\/wp\/v2\/posts\/12026","targetHints":{"allow":["GET"]}}],"collection":[{"href":"https:\/\/www.sylviebiollu.com\/site\/wp-json\/wp\/v2\/posts"}],"about":[{"href":"https:\/\/www.sylviebiollu.com\/site\/wp-json\/wp\/v2\/types\/post"}],"author":[{"embeddable":true,"href":"https:\/\/www.sylviebiollu.com\/site\/wp-json\/wp\/v2\/users\/1"}],"replies":[{"embeddable":true,"href":"https:\/\/www.sylviebiollu.com\/site\/wp-json\/wp\/v2\/comments?post=12026"}],"version-history":[{"count":7,"href":"https:\/\/www.sylviebiollu.com\/site\/wp-json\/wp\/v2\/posts\/12026\/revisions"}],"predecessor-version":[{"id":12038,"href":"https:\/\/www.sylviebiollu.com\/site\/wp-json\/wp\/v2\/posts\/12026\/revisions\/12038"}],"wp:featuredmedia":[{"embeddable":true,"href":"https:\/\/www.sylviebiollu.com\/site\/wp-json\/wp\/v2\/media\/12040"}],"wp:attachment":[{"href":"https:\/\/www.sylviebiollu.com\/site\/wp-json\/wp\/v2\/media?parent=12026"}],"wp:term":[{"taxonomy":"category","embeddable":true,"href":"https:\/\/www.sylviebiollu.com\/site\/wp-json\/wp\/v2\/categories?post=12026"},{"taxonomy":"post_tag","embeddable":true,"href":"https:\/\/www.sylviebiollu.com\/site\/wp-json\/wp\/v2\/tags?post=12026"}],"curies":[{"name":"wp","href":"https:\/\/api.w.org\/{rel}","templated":true}]}}