{"id":11685,"date":"2025-05-13T18:40:05","date_gmt":"2025-05-13T16:40:05","guid":{"rendered":"https:\/\/www.sylviebiollu.com\/site\/?p=11685"},"modified":"2025-12-01T12:55:01","modified_gmt":"2025-12-01T11:55:01","slug":"chantilly-2025-journees-des-plantes","status":"publish","type":"post","link":"https:\/\/www.sylviebiollu.com\/site\/2025\/05\/13\/chantilly-2025-journees-des-plantes\/","title":{"rendered":"Chantilly Printemps 2025 &#8211; Journ\u00e9es des Plantes"},"content":{"rendered":"\t\t<div data-elementor-type=\"wp-post\" data-elementor-id=\"11685\" class=\"elementor elementor-11685\">\n\t\t\t\t\t\t<section class=\"elementor-section elementor-top-section elementor-element elementor-element-c22d8ad elementor-section-boxed elementor-section-height-default elementor-section-height-default\" data-id=\"c22d8ad\" data-element_type=\"section\">\n\t\t\t\t\t\t<div class=\"elementor-container elementor-column-gap-default\">\n\t\t\t\t\t<div class=\"elementor-column elementor-col-50 elementor-top-column elementor-element elementor-element-00770b1\" data-id=\"00770b1\" data-element_type=\"column\">\n\t\t\t<div class=\"elementor-widget-wrap elementor-element-populated\">\n\t\t\t\t\t\t<div class=\"elementor-element elementor-element-f06017e elementor-widget elementor-widget-image\" data-id=\"f06017e\" data-element_type=\"widget\" data-widget_type=\"image.default\">\n\t\t\t\t<div class=\"elementor-widget-container\">\n\t\t\t\t\t\t\t\t\t\t\t\t\t\t\t<img fetchpriority=\"high\" decoding=\"async\" width=\"800\" height=\"800\" src=\"https:\/\/www.sylviebiollu.com\/site\/wp-content\/uploads\/2023\/09\/img_2917-scaled-800x800.jpeg\" class=\"attachment-large size-large wp-image-10886\" alt=\"\" srcset=\"https:\/\/www.sylviebiollu.com\/site\/wp-content\/uploads\/2023\/09\/img_2917-scaled-800x800.jpeg 800w, https:\/\/www.sylviebiollu.com\/site\/wp-content\/uploads\/2023\/09\/img_2917-400x400.jpeg 400w, https:\/\/www.sylviebiollu.com\/site\/wp-content\/uploads\/2023\/09\/img_2917-scaled-280x280.jpeg 280w, https:\/\/www.sylviebiollu.com\/site\/wp-content\/uploads\/2023\/09\/img_2917-scaled-768x768.jpeg 768w, https:\/\/www.sylviebiollu.com\/site\/wp-content\/uploads\/2023\/09\/img_2917-scaled-1536x1536.jpeg 1536w, https:\/\/www.sylviebiollu.com\/site\/wp-content\/uploads\/2023\/09\/img_2917-scaled-2048x2048.jpeg 2048w, https:\/\/www.sylviebiollu.com\/site\/wp-content\/uploads\/2023\/09\/img_2917-scaled-510x510.jpeg 510w, https:\/\/www.sylviebiollu.com\/site\/wp-content\/uploads\/2023\/09\/img_2917-100x100.jpeg 100w, https:\/\/www.sylviebiollu.com\/site\/wp-content\/uploads\/2023\/09\/img_2917-600x600.jpeg 600w, https:\/\/www.sylviebiollu.com\/site\/wp-content\/uploads\/2023\/09\/img_2917-1024x1024.jpeg 1024w, https:\/\/www.sylviebiollu.com\/site\/wp-content\/uploads\/2023\/09\/img_2917-150x150.jpeg 150w\" sizes=\"(max-width: 800px) 100vw, 800px\" title=\"\">\t\t\t\t\t\t\t\t\t\t\t\t\t\t\t<\/div>\n\t\t\t\t<\/div>\n\t\t\t\t\t<\/div>\n\t\t<\/div>\n\t\t\t\t<div class=\"elementor-column elementor-col-50 elementor-top-column elementor-element elementor-element-5b009e8\" data-id=\"5b009e8\" data-element_type=\"column\">\n\t\t\t<div class=\"elementor-widget-wrap elementor-element-populated\">\n\t\t\t\t\t\t<div class=\"elementor-element elementor-element-7512d94 elementor-widget elementor-widget-image\" data-id=\"7512d94\" data-element_type=\"widget\" data-widget_type=\"image.default\">\n\t\t\t\t<div class=\"elementor-widget-container\">\n\t\t\t\t\t\t\t\t\t\t\t\t\t\t\t<img decoding=\"async\" width=\"800\" height=\"800\" src=\"https:\/\/www.sylviebiollu.com\/site\/wp-content\/uploads\/2023\/09\/img_2918-scaled-800x800.jpeg\" class=\"attachment-large size-large wp-image-10887\" alt=\"\" srcset=\"https:\/\/www.sylviebiollu.com\/site\/wp-content\/uploads\/2023\/09\/img_2918-scaled-800x800.jpeg 800w, https:\/\/www.sylviebiollu.com\/site\/wp-content\/uploads\/2023\/09\/img_2918-400x400.jpeg 400w, https:\/\/www.sylviebiollu.com\/site\/wp-content\/uploads\/2023\/09\/img_2918-scaled-280x280.jpeg 280w, https:\/\/www.sylviebiollu.com\/site\/wp-content\/uploads\/2023\/09\/img_2918-scaled-768x768.jpeg 768w, https:\/\/www.sylviebiollu.com\/site\/wp-content\/uploads\/2023\/09\/img_2918-scaled-1536x1536.jpeg 1536w, https:\/\/www.sylviebiollu.com\/site\/wp-content\/uploads\/2023\/09\/img_2918-scaled-2048x2048.jpeg 2048w, https:\/\/www.sylviebiollu.com\/site\/wp-content\/uploads\/2023\/09\/img_2918-scaled-510x510.jpeg 510w, https:\/\/www.sylviebiollu.com\/site\/wp-content\/uploads\/2023\/09\/img_2918-100x100.jpeg 100w, https:\/\/www.sylviebiollu.com\/site\/wp-content\/uploads\/2023\/09\/img_2918-600x600.jpeg 600w, https:\/\/www.sylviebiollu.com\/site\/wp-content\/uploads\/2023\/09\/img_2918-1024x1024.jpeg 1024w, https:\/\/www.sylviebiollu.com\/site\/wp-content\/uploads\/2023\/09\/img_2918-150x150.jpeg 150w\" sizes=\"(max-width: 800px) 100vw, 800px\" title=\"\">\t\t\t\t\t\t\t\t\t\t\t\t\t\t\t<\/div>\n\t\t\t\t<\/div>\n\t\t\t\t\t<\/div>\n\t\t<\/div>\n\t\t\t\t\t<\/div>\n\t\t<\/section>\n\t\t\t\t<section class=\"elementor-section elementor-top-section elementor-element elementor-element-35b2cc9e elementor-section-boxed elementor-section-height-default elementor-section-height-default\" data-id=\"35b2cc9e\" data-element_type=\"section\">\n\t\t\t\t\t\t<div class=\"elementor-container elementor-column-gap-default\">\n\t\t\t\t\t<div class=\"elementor-column elementor-col-100 elementor-top-column elementor-element elementor-element-165ec2f8\" data-id=\"165ec2f8\" data-element_type=\"column\">\n\t\t\t<div class=\"elementor-widget-wrap elementor-element-populated\">\n\t\t\t\t\t\t<div class=\"elementor-element elementor-element-3de34b3a elementor-widget elementor-widget-text-editor\" data-id=\"3de34b3a\" data-element_type=\"widget\" data-widget_type=\"text-editor.default\">\n\t\t\t\t<div class=\"elementor-widget-container\">\n\t\t\t\t\t\t\t\t\t\t\t\t\t\t\t\t\t<\/div>\n\t\t\t\t<\/div>\n\t\t\t\t\t<\/div>\n\t\t<\/div>\n\t\t\t\t\t<\/div>\n\t\t<\/section>\n\t\t\t\t<section class=\"elementor-section elementor-top-section elementor-element elementor-element-e513ea3 elementor-section-boxed elementor-section-height-default elementor-section-height-default\" data-id=\"e513ea3\" data-element_type=\"section\">\n\t\t\t\t\t\t<div class=\"elementor-container elementor-column-gap-default\">\n\t\t\t\t\t<div class=\"elementor-column elementor-col-100 elementor-top-column elementor-element elementor-element-43fa491\" data-id=\"43fa491\" data-element_type=\"column\">\n\t\t\t<div class=\"elementor-widget-wrap elementor-element-populated\">\n\t\t\t\t\t\t<div class=\"elementor-element elementor-element-76298a8 elementor-widget elementor-widget-text-editor\" data-id=\"76298a8\" data-element_type=\"widget\" data-widget_type=\"text-editor.default\">\n\t\t\t\t<div class=\"elementor-widget-container\">\n\t\t\t\t\t\t\t\t\t<h1 style=\"text-align: center;\"><strong>Dans le magnifique parc du Ch\u00e2teau de Chantilly<\/strong><\/h1>\n<p>\u00a0<\/p>\n<p style=\"text-align: left;\"><strong>Les Vendredi 16, Samedi 17 et Dimanche 18 Mars 2024, Sylvie Biollu<\/strong>\u00a0exposera \u00e0 nouveau ses cr\u00e9ations \u00e0 la <a href=\"https:\/\/chateaudechantilly.fr\/les-journees-des-plantes-de-chantilly\/\" target=\"_blank\" rel=\"noopener\">Journ\u00e9e des Plantes de Chantilly,<\/a> dans le th\u00e8me du printemps : &#8220;<a href=\"https:\/\/journeesdesplantesdechantilly.fr\/le-theme\/\" target=\"_blank\" rel=\"noopener\">Jardins Inattendus<\/a>&#8220;<strong>. <\/strong>Cet\u00a0<strong>\u00e9v\u00e9nement international<\/strong>, unique en Europe, est depuis plus de 30 ans une r\u00e9f\u00e9rence dans le monde du jardin<\/p>\n<p style=\"text-align: left;\">Les horaires d\u2019ouverture sont du vendredi au dimanche de 10h \u00e0 18h. Fermeture des billetteries \u00e0 17h. Services gratuits de navette depuis la gare de Chantilly, de consigne, d\u2019ateliers et de transport des plantes vers les parkings.\u00a0<\/p>\n<p style=\"text-align: left;\"><b>Et pour passer une excellente\u00a0journ\u00e9e, votre billet inclut \u00e9galement<\/b>\u00a0l\u2019acc\u00e8s au parc, au ch\u00e2teau, aux expositions temporaires, au Grandes Ecuries et aux d\u00e9monstrations de dressage de chevaux.<\/p>\n<p style=\"margin-bottom: 1.5em; text-align: left;\">Pr\u00e9parez vite votre\u00a0<a href=\"https:\/\/journeesdesplantesdechantilly.fr\/preparer-ma-visite\/\" target=\"_blank\" rel=\"noreferrer noopener\">visite<\/a> pour ce rendez-vous incontournable d\u00e9di\u00e9 aux plantes, \u00e0 la biodiversit\u00e9 et aux tendances du jardin qui rassemble plus de 200 p\u00e9pini\u00e9ristes et exposants parmi les plus prestigieux d\u2019Europe !<\/p>\n<p><a href=\"https:\/\/chateaudechantilly.fr\/le-programme\/\" data-elementor-open-lightbox=\"\" target=\"_blank\" rel=\"noopener\"> <img decoding=\"async\" class=\"size-medium wp-image-11687 aligncenter\" src=\"https:\/\/www.sylviebiollu.com\/site\/wp-content\/uploads\/2025\/05\/2025_JDP_INSTA_CARRE_1080x1080px-400x400.jpg\" alt=\"\" width=\"400\" height=\"400\" title=\"\" srcset=\"https:\/\/www.sylviebiollu.com\/site\/wp-content\/uploads\/2025\/05\/2025_JDP_INSTA_CARRE_1080x1080px-400x400.jpg 400w, https:\/\/www.sylviebiollu.com\/site\/wp-content\/uploads\/2025\/05\/2025_JDP_INSTA_CARRE_1080x1080px-280x280.jpg 280w, https:\/\/www.sylviebiollu.com\/site\/wp-content\/uploads\/2025\/05\/2025_JDP_INSTA_CARRE_1080x1080px-768x768.jpg 768w, https:\/\/www.sylviebiollu.com\/site\/wp-content\/uploads\/2025\/05\/2025_JDP_INSTA_CARRE_1080x1080px-800x800.jpg 800w, https:\/\/www.sylviebiollu.com\/site\/wp-content\/uploads\/2025\/05\/2025_JDP_INSTA_CARRE_1080x1080px-510x510.jpg 510w, https:\/\/www.sylviebiollu.com\/site\/wp-content\/uploads\/2025\/05\/2025_JDP_INSTA_CARRE_1080x1080px-100x100.jpg 100w, https:\/\/www.sylviebiollu.com\/site\/wp-content\/uploads\/2025\/05\/2025_JDP_INSTA_CARRE_1080x1080px.jpg 1080w\" sizes=\"(max-width: 400px) 100vw, 400px\" \/><br \/>\u00a0<\/a><\/p>\n<p><!-- \/wp:flatsome\/uxbuilder --><\/p>\t\t\t\t\t\t\t\t<\/div>\n\t\t\t\t<\/div>\n\t\t\t\t\t<\/div>\n\t\t<\/div>\n\t\t\t\t\t<\/div>\n\t\t<\/section>\n\t\t\t\t<\/div>\n\t\t","protected":false},"excerpt":{"rendered":"<p>Dans le magnifique parc du Ch\u00e2teau de Chantilly \u00a0 Les Vendredi 16, Samedi 17 et Dimanche 18 Mars 2024, Sylvie Biollu\u00a0exposera \u00e0 nouveau ses cr\u00e9ations \u00e0 la Journ\u00e9e des Plantes de Chantilly, dans le th\u00e8me du printemps : &#8220;Jardins Inattendus&#8220;. Cet\u00a0\u00e9v\u00e9nement international, unique en Europe, est depuis plus de 30 ans une r\u00e9f\u00e9rence dans le [&#8230;]\n","protected":false},"author":1,"featured_media":11688,"comment_status":"open","ping_status":"closed","sticky":false,"template":"","format":"standard","meta":{"footnotes":""},"categories":[235],"tags":[545,535,456,534,455,458],"class_list":["post-11685","post","type-post","status-publish","format-standard","has-post-thumbnail","hentry","category-actualites","tag-545","tag-artisan","tag-chantilly","tag-expositions","tag-journee-des-plantes","tag-salon"],"_links":{"self":[{"href":"https:\/\/www.sylviebiollu.com\/site\/wp-json\/wp\/v2\/posts\/11685","targetHints":{"allow":["GET"]}}],"collection":[{"href":"https:\/\/www.sylviebiollu.com\/site\/wp-json\/wp\/v2\/posts"}],"about":[{"href":"https:\/\/www.sylviebiollu.com\/site\/wp-json\/wp\/v2\/types\/post"}],"author":[{"embeddable":true,"href":"https:\/\/www.sylviebiollu.com\/site\/wp-json\/wp\/v2\/users\/1"}],"replies":[{"embeddable":true,"href":"https:\/\/www.sylviebiollu.com\/site\/wp-json\/wp\/v2\/comments?post=11685"}],"version-history":[{"count":8,"href":"https:\/\/www.sylviebiollu.com\/site\/wp-json\/wp\/v2\/posts\/11685\/revisions"}],"predecessor-version":[{"id":11706,"href":"https:\/\/www.sylviebiollu.com\/site\/wp-json\/wp\/v2\/posts\/11685\/revisions\/11706"}],"wp:featuredmedia":[{"embeddable":true,"href":"https:\/\/www.sylviebiollu.com\/site\/wp-json\/wp\/v2\/media\/11688"}],"wp:attachment":[{"href":"https:\/\/www.sylviebiollu.com\/site\/wp-json\/wp\/v2\/media?parent=11685"}],"wp:term":[{"taxonomy":"category","embeddable":true,"href":"https:\/\/www.sylviebiollu.com\/site\/wp-json\/wp\/v2\/categories?post=11685"},{"taxonomy":"post_tag","embeddable":true,"href":"https:\/\/www.sylviebiollu.com\/site\/wp-json\/wp\/v2\/tags?post=11685"}],"curies":[{"name":"wp","href":"https:\/\/api.w.org\/{rel}","templated":true}]}}