{"id":11558,"date":"2025-03-07T16:58:02","date_gmt":"2025-03-07T15:58:02","guid":{"rendered":"https:\/\/www.sylviebiollu.com\/site\/?p=11558"},"modified":"2025-04-16T18:38:58","modified_gmt":"2025-04-16T16:38:58","slug":"les-naturelles-de-montmorency-edition-2025","status":"publish","type":"post","link":"https:\/\/www.sylviebiollu.com\/site\/2025\/03\/07\/les-naturelles-de-montmorency-edition-2025\/","title":{"rendered":"Les Naturelles de Montmorency &#8211; Edition 2025 !"},"content":{"rendered":"\n<div class=\"is-divider divider clearfix\" ><\/div>\n\n<h1 style=\"text-align: center;\"><strong>Dans le parc de l&#8217;H\u00f4tel de Ville de Montmorency<\/strong><\/h1>\n<p><strong>Cette ann\u00e9e, les Vendredi 14, Samedi 15 et Dimanche 16 Mars 2025, Sylvie Biollu<\/strong> exposera ses cr\u00e9ations artisanales aux Naturelles, \u00e9v\u00e8nement incontournable de Montmorency<strong>. <\/strong><\/p>\n<p>Cet\u00a0<strong>\u00e9v\u00e9nement\u00a0<\/strong>aura lieu dans le parc de l&#8217;H\u00f4tel de Ville, avec entr\u00e9e <strong>gratuite.<\/strong><\/p>\n<p>Les horaires d\u2019ouverture sont du vendredi de 13h \u00e0 20hh, du samedi de 11h \u00e0 20h et du dimanche de 10h \u00e0 18h.<\/p>\n<p><img fetchpriority=\"high\" decoding=\"async\" class=\"size-medium wp-image-11562 aligncenter\" src=\"https:\/\/www.sylviebiollu.com\/site\/wp-content\/uploads\/2025\/03\/les_naturelles_2025_a2-283x400.jpg\" alt=\"\" width=\"283\" height=\"400\" title=\"\" srcset=\"https:\/\/www.sylviebiollu.com\/site\/wp-content\/uploads\/2025\/03\/les_naturelles_2025_a2-283x400.jpg 283w, https:\/\/www.sylviebiollu.com\/site\/wp-content\/uploads\/2025\/03\/les_naturelles_2025_a2-566x800.jpg 566w, https:\/\/www.sylviebiollu.com\/site\/wp-content\/uploads\/2025\/03\/les_naturelles_2025_a2-510x721.jpg 510w, https:\/\/www.sylviebiollu.com\/site\/wp-content\/uploads\/2025\/03\/les_naturelles_2025_a2.jpg 595w\" sizes=\"(max-width: 283px) 100vw, 283px\" \/><\/p>\n\n","protected":false},"excerpt":{"rendered":"","protected":false},"author":1,"featured_media":11560,"comment_status":"open","ping_status":"closed","sticky":false,"template":"","format":"standard","meta":{"footnotes":""},"categories":[235],"tags":[545,534,458],"class_list":["post-11558","post","type-post","status-publish","format-standard","has-post-thumbnail","hentry","category-actualites","tag-545","tag-expositions","tag-salon"],"_links":{"self":[{"href":"https:\/\/www.sylviebiollu.com\/site\/wp-json\/wp\/v2\/posts\/11558","targetHints":{"allow":["GET"]}}],"collection":[{"href":"https:\/\/www.sylviebiollu.com\/site\/wp-json\/wp\/v2\/posts"}],"about":[{"href":"https:\/\/www.sylviebiollu.com\/site\/wp-json\/wp\/v2\/types\/post"}],"author":[{"embeddable":true,"href":"https:\/\/www.sylviebiollu.com\/site\/wp-json\/wp\/v2\/users\/1"}],"replies":[{"embeddable":true,"href":"https:\/\/www.sylviebiollu.com\/site\/wp-json\/wp\/v2\/comments?post=11558"}],"version-history":[{"count":4,"href":"https:\/\/www.sylviebiollu.com\/site\/wp-json\/wp\/v2\/posts\/11558\/revisions"}],"predecessor-version":[{"id":12027,"href":"https:\/\/www.sylviebiollu.com\/site\/wp-json\/wp\/v2\/posts\/11558\/revisions\/12027"}],"wp:featuredmedia":[{"embeddable":true,"href":"https:\/\/www.sylviebiollu.com\/site\/wp-json\/wp\/v2\/media\/11560"}],"wp:attachment":[{"href":"https:\/\/www.sylviebiollu.com\/site\/wp-json\/wp\/v2\/media?parent=11558"}],"wp:term":[{"taxonomy":"category","embeddable":true,"href":"https:\/\/www.sylviebiollu.com\/site\/wp-json\/wp\/v2\/categories?post=11558"},{"taxonomy":"post_tag","embeddable":true,"href":"https:\/\/www.sylviebiollu.com\/site\/wp-json\/wp\/v2\/tags?post=11558"}],"curies":[{"name":"wp","href":"https:\/\/api.w.org\/{rel}","templated":true}]}}