{"id":11522,"date":"2024-09-20T10:26:49","date_gmt":"2024-09-20T08:26:49","guid":{"rendered":"https:\/\/www.sylviebiollu.com\/site\/?p=11522"},"modified":"2025-03-07T16:48:11","modified_gmt":"2025-03-07T15:48:11","slug":"chantilly-automne-2024-journees-des-plantes","status":"publish","type":"post","link":"https:\/\/www.sylviebiollu.com\/site\/2024\/09\/20\/chantilly-automne-2024-journees-des-plantes\/","title":{"rendered":"Chantilly Automne 2024 &#8211; Journ\u00e9es des Plantes"},"content":{"rendered":"\n<div class=\"slider-wrapper relative\" id=\"slider-1240817017\" >\n    <div class=\"slider slider-nav-circle slider-nav-large slider-nav-light slider-style-normal\"\n        data-flickity-options='{\n            \"cellAlign\": \"center\",\n            \"imagesLoaded\": true,\n            \"lazyLoad\": 1,\n            \"freeScroll\": false,\n            \"wrapAround\": true,\n            \"autoPlay\": 6000,\n            \"pauseAutoPlayOnHover\" : true,\n            \"prevNextButtons\": true,\n            \"contain\" : true,\n            \"adaptiveHeight\" : true,\n            \"dragThreshold\" : 10,\n            \"percentPosition\": true,\n            \"pageDots\": true,\n            \"rightToLeft\": false,\n            \"draggable\": true,\n            \"selectedAttraction\": 0.1,\n            \"parallax\" : 0,\n            \"friction\": 0.6        }'\n        >\n        \n\n\t<div class=\"img has-hover x md-x lg-x y md-y lg-y\" id=\"image_1419704227\">\n\t\t\t\t\t\t\t\t<div class=\"img-inner dark\" >\n\t\t\t<img fetchpriority=\"high\" decoding=\"async\" width=\"400\" height=\"400\" src=\"https:\/\/www.sylviebiollu.com\/site\/wp-content\/uploads\/2023\/09\/img_2918-scaled-400x400.jpeg\" class=\"attachment-medium size-medium\" alt=\"\" srcset=\"https:\/\/www.sylviebiollu.com\/site\/wp-content\/uploads\/2023\/09\/img_2918-400x400.jpeg 400w, https:\/\/www.sylviebiollu.com\/site\/wp-content\/uploads\/2023\/09\/img_2918-scaled-800x800.jpeg 800w, https:\/\/www.sylviebiollu.com\/site\/wp-content\/uploads\/2023\/09\/img_2918-scaled-280x280.jpeg 280w, https:\/\/www.sylviebiollu.com\/site\/wp-content\/uploads\/2023\/09\/img_2918-scaled-768x768.jpeg 768w, https:\/\/www.sylviebiollu.com\/site\/wp-content\/uploads\/2023\/09\/img_2918-scaled-1536x1536.jpeg 1536w, https:\/\/www.sylviebiollu.com\/site\/wp-content\/uploads\/2023\/09\/img_2918-scaled-2048x2048.jpeg 2048w, https:\/\/www.sylviebiollu.com\/site\/wp-content\/uploads\/2023\/09\/img_2918-scaled-510x510.jpeg 510w, https:\/\/www.sylviebiollu.com\/site\/wp-content\/uploads\/2023\/09\/img_2918-100x100.jpeg 100w, https:\/\/www.sylviebiollu.com\/site\/wp-content\/uploads\/2023\/09\/img_2918-600x600.jpeg 600w, https:\/\/www.sylviebiollu.com\/site\/wp-content\/uploads\/2023\/09\/img_2918-1024x1024.jpeg 1024w, https:\/\/www.sylviebiollu.com\/site\/wp-content\/uploads\/2023\/09\/img_2918-150x150.jpeg 150w\" sizes=\"(max-width: 400px) 100vw, 400px\" title=\"\">\t\t\t\t\t\t\n\t\t\t\t\t<\/div>\n\t\t\t\t\t\t\t\t\n<style>\n#image_1419704227 {\n  width: 100%;\n}\n<\/style>\n\t<\/div>\n\t\n\n\t<div class=\"img has-hover x md-x lg-x y md-y lg-y\" id=\"image_346876916\">\n\t\t\t\t\t\t\t\t<div class=\"img-inner dark\" >\n\t\t\t<img decoding=\"async\" width=\"400\" height=\"400\" src=\"https:\/\/www.sylviebiollu.com\/site\/wp-content\/uploads\/2023\/09\/img_2917-scaled-400x400.jpeg\" class=\"attachment-medium size-medium\" alt=\"\" srcset=\"https:\/\/www.sylviebiollu.com\/site\/wp-content\/uploads\/2023\/09\/img_2917-400x400.jpeg 400w, https:\/\/www.sylviebiollu.com\/site\/wp-content\/uploads\/2023\/09\/img_2917-scaled-800x800.jpeg 800w, https:\/\/www.sylviebiollu.com\/site\/wp-content\/uploads\/2023\/09\/img_2917-scaled-280x280.jpeg 280w, https:\/\/www.sylviebiollu.com\/site\/wp-content\/uploads\/2023\/09\/img_2917-scaled-768x768.jpeg 768w, https:\/\/www.sylviebiollu.com\/site\/wp-content\/uploads\/2023\/09\/img_2917-scaled-1536x1536.jpeg 1536w, https:\/\/www.sylviebiollu.com\/site\/wp-content\/uploads\/2023\/09\/img_2917-scaled-2048x2048.jpeg 2048w, https:\/\/www.sylviebiollu.com\/site\/wp-content\/uploads\/2023\/09\/img_2917-scaled-510x510.jpeg 510w, https:\/\/www.sylviebiollu.com\/site\/wp-content\/uploads\/2023\/09\/img_2917-100x100.jpeg 100w, https:\/\/www.sylviebiollu.com\/site\/wp-content\/uploads\/2023\/09\/img_2917-600x600.jpeg 600w, https:\/\/www.sylviebiollu.com\/site\/wp-content\/uploads\/2023\/09\/img_2917-1024x1024.jpeg 1024w, https:\/\/www.sylviebiollu.com\/site\/wp-content\/uploads\/2023\/09\/img_2917-150x150.jpeg 150w\" sizes=\"(max-width: 400px) 100vw, 400px\" title=\"\">\t\t\t\t\t\t\n\t\t\t\t\t<\/div>\n\t\t\t\t\t\t\t\t\n<style>\n#image_346876916 {\n  width: 100%;\n}\n<\/style>\n\t<\/div>\n\t\n\n\n     <\/div>\n\n     <div class=\"loading-spin dark large centered\"><\/div>\n\n\t<\/div>\n\n\n<div class=\"is-divider divider clearfix\" ><\/div>\n\n<h1 style=\"text-align: center;\"><strong>Dans le cadre majestueux du parc du Ch\u00e2teau de Chantilly<\/strong><\/h1>\n<p><strong>Comme chaque ann\u00e9e, les Vendredi 11, Samedi 12 et Dimanche 13 Octobre 2024, Sylvie Biollu<\/strong> exposera ses cr\u00e9ations fleuries \u00e0 la <a href=\"https:\/\/chateaudechantilly.fr\/les-journees-des-plantes-de-chantilly\/\" target=\"_blank\" rel=\"noopener\">Journ\u00e9e des Plantes de Chantilly,<\/a> dans le th\u00e8me d&#8217;automne : &#8220;<a href=\"https:\/\/journeesdesplantesdechantilly.fr\/le-theme\/\" target=\"_blank\" rel=\"noopener\">Go\u00fbt du Jardin<\/a>&#8220;<strong>. <\/strong><\/p>\n<p>Cet\u00a0<strong>\u00e9v\u00e9nement international<\/strong>, unique en Europe, est depuis plus de 30 ans une r\u00e9f\u00e9rence dans le monde du jardin<\/p>\n<p>Les horaires d\u2019ouverture sont du vendredi au dimanche de 10h \u00e0 18h. Fermeture des billetteries \u00e0 17h. Services gratuits de navette depuis la gare de Chantilly, de consigne, d\u2019ateliers et de transport des plantes vers les parkings.\u00a0<\/p>\n<p><b>Et pour passer une excellente\u00a0journ\u00e9e, votre billet inclut \u00e9galement<\/b>\u00a0l\u2019acc\u00e8s au parc, au ch\u00e2teau, aux expositions temporaires, au Grandes Ecuries et aux d\u00e9monstrations de dressage de chevaux.<\/p>\n<p style=\"margin-bottom: 1.5em;\">Pr\u00e9parez vite votre\u00a0<a href=\"https:\/\/journeesdesplantesdechantilly.fr\/preparer-ma-visite\/\" target=\"_blank\" rel=\"noreferrer noopener\">visite<\/a>\u00a0pour ce rendez-vous incontournable d\u00e9di\u00e9 aux plantes, \u00e0 la biodiversit\u00e9 et aux tendances du jardin qui rassemble plus de 200 p\u00e9pini\u00e9ristes et exposants parmi les plus prestigieux d\u2019Europe !<\/p>\n<p><img decoding=\"async\" class=\"size-full wp-image-11528 aligncenter\" src=\"https:\/\/www.sylviebiollu.com\/site\/wp-content\/uploads\/2024\/09\/image010.jpg\" alt=\"\" width=\"409\" height=\"115\" title=\"\"><\/p>\n\n","protected":false},"excerpt":{"rendered":"","protected":false},"author":1,"featured_media":11528,"comment_status":"open","ping_status":"closed","sticky":false,"template":"","format":"standard","meta":{"footnotes":""},"categories":[235],"tags":[533,456,534,455,457,542,458],"class_list":["post-11522","post","type-post","status-publish","format-standard","has-post-thumbnail","hentry","category-actualites","tag-533","tag-chantilly","tag-expositions","tag-journee-des-plantes","tag-octobre","tag-plantes","tag-salon"],"_links":{"self":[{"href":"https:\/\/www.sylviebiollu.com\/site\/wp-json\/wp\/v2\/posts\/11522","targetHints":{"allow":["GET"]}}],"collection":[{"href":"https:\/\/www.sylviebiollu.com\/site\/wp-json\/wp\/v2\/posts"}],"about":[{"href":"https:\/\/www.sylviebiollu.com\/site\/wp-json\/wp\/v2\/types\/post"}],"author":[{"embeddable":true,"href":"https:\/\/www.sylviebiollu.com\/site\/wp-json\/wp\/v2\/users\/1"}],"replies":[{"embeddable":true,"href":"https:\/\/www.sylviebiollu.com\/site\/wp-json\/wp\/v2\/comments?post=11522"}],"version-history":[{"count":5,"href":"https:\/\/www.sylviebiollu.com\/site\/wp-json\/wp\/v2\/posts\/11522\/revisions"}],"predecessor-version":[{"id":11529,"href":"https:\/\/www.sylviebiollu.com\/site\/wp-json\/wp\/v2\/posts\/11522\/revisions\/11529"}],"wp:featuredmedia":[{"embeddable":true,"href":"https:\/\/www.sylviebiollu.com\/site\/wp-json\/wp\/v2\/media\/11528"}],"wp:attachment":[{"href":"https:\/\/www.sylviebiollu.com\/site\/wp-json\/wp\/v2\/media?parent=11522"}],"wp:term":[{"taxonomy":"category","embeddable":true,"href":"https:\/\/www.sylviebiollu.com\/site\/wp-json\/wp\/v2\/categories?post=11522"},{"taxonomy":"post_tag","embeddable":true,"href":"https:\/\/www.sylviebiollu.com\/site\/wp-json\/wp\/v2\/tags?post=11522"}],"curies":[{"name":"wp","href":"https:\/\/api.w.org\/{rel}","templated":true}]}}