{"id":11481,"date":"2024-05-15T17:08:52","date_gmt":"2024-05-15T15:08:52","guid":{"rendered":"https:\/\/www.sylviebiollu.com\/site\/?p=11481"},"modified":"2024-09-20T10:20:56","modified_gmt":"2024-09-20T08:20:56","slug":"exposition-aux-journees-des-plantes-de-chantilly-3","status":"publish","type":"post","link":"https:\/\/www.sylviebiollu.com\/site\/2024\/05\/15\/exposition-aux-journees-des-plantes-de-chantilly-3\/","title":{"rendered":"Chantilly 2024  &#8211; Journ\u00e9es des Plantes"},"content":{"rendered":"\n<p><img fetchpriority=\"high\" decoding=\"async\" src=\"https:\/\/www.sylviebiollu.com\/site\/wp-content\/uploads\/2023\/09\/img_2918-1024x1024.jpeg\" sizes=\"(max-width: 600px) 100vw, 600px\" srcset=\"https:\/\/www.sylviebiollu.com\/site\/wp-content\/uploads\/2023\/09\/img_2918-1024x1024.jpeg 1024w, https:\/\/www.sylviebiollu.com\/site\/wp-content\/uploads\/2023\/09\/img_2918-600x600.jpeg 600w, https:\/\/www.sylviebiollu.com\/site\/wp-content\/uploads\/2023\/09\/img_2918-150x150.jpeg 150w, https:\/\/www.sylviebiollu.com\/site\/wp-content\/uploads\/2023\/09\/img_2918-768x768.jpeg 768w, https:\/\/www.sylviebiollu.com\/site\/wp-content\/uploads\/2023\/09\/img_2918-1536x1536.jpeg 1536w, https:\/\/www.sylviebiollu.com\/site\/wp-content\/uploads\/2023\/09\/img_2918-2048x2048.jpeg 2048w, https:\/\/www.sylviebiollu.com\/site\/wp-content\/uploads\/2023\/09\/img_2918-400x400.jpeg 400w, https:\/\/www.sylviebiollu.com\/site\/wp-content\/uploads\/2023\/09\/img_2918-100x100.jpeg 100w\" alt=\"\" width=\"600\" height=\"600\" title=\"\"><br \/><img decoding=\"async\" src=\"https:\/\/www.sylviebiollu.com\/site\/wp-content\/uploads\/2023\/09\/img_2917-1024x1024.jpeg\" sizes=\"(max-width: 600px) 100vw, 600px\" srcset=\"https:\/\/www.sylviebiollu.com\/site\/wp-content\/uploads\/2023\/09\/img_2917-1024x1024.jpeg 1024w, https:\/\/www.sylviebiollu.com\/site\/wp-content\/uploads\/2023\/09\/img_2917-600x600.jpeg 600w, https:\/\/www.sylviebiollu.com\/site\/wp-content\/uploads\/2023\/09\/img_2917-150x150.jpeg 150w, https:\/\/www.sylviebiollu.com\/site\/wp-content\/uploads\/2023\/09\/img_2917-768x768.jpeg 768w, https:\/\/www.sylviebiollu.com\/site\/wp-content\/uploads\/2023\/09\/img_2917-1536x1536.jpeg 1536w, https:\/\/www.sylviebiollu.com\/site\/wp-content\/uploads\/2023\/09\/img_2917-2048x2048.jpeg 2048w, https:\/\/www.sylviebiollu.com\/site\/wp-content\/uploads\/2023\/09\/img_2917-400x400.jpeg 400w, https:\/\/www.sylviebiollu.com\/site\/wp-content\/uploads\/2023\/09\/img_2917-100x100.jpeg 100w\" alt=\"\" width=\"600\" height=\"600\" title=\"\"><\/p>\n<h1 style=\"text-align: center;\"><strong>Dans le cadre majestueux du parc du Ch\u00e2teau de Chantilly<\/strong><\/h1>\n<p><strong>Les Vendredi 17, Samedi 18 et Dimanche 19 Mars 2024,\u00a0Sylvie Biollu<\/strong>\u00a0exposera \u00e0 nouveau ses cr\u00e9ations \u00e0 la <a href=\"https:\/\/chateaudechantilly.fr\/les-journees-des-plantes-de-chantilly\/\" target=\"_blank\" rel=\"noopener\">Journ\u00e9e des Plantes de Chantilly,<\/a> dans le th\u00e8me du printemps : &#8220;<a href=\"https:\/\/journeesdesplantesdechantilly.fr\/le-theme\/\" target=\"_blank\" rel=\"noopener\">Parfums au Jardin<\/a>&#8220;<strong>. <\/strong>Cet\u00a0<strong>\u00e9v\u00e9nement international<\/strong>, unique en Europe, est depuis plus de 30 ans une r\u00e9f\u00e9rence dans le monde du jardin<\/p>\n<p>Les horaires d\u2019ouverture sont du vendredi au dimanche de 10h \u00e0 18h. Fermeture des billetteries \u00e0 17h. Services gratuits de navette depuis la gare de Chantilly, de consigne, d\u2019ateliers et de transport des plantes vers les parkings.\u00a0<\/p>\n<p><b>Et pour passer une excellente\u00a0journ\u00e9e, votre billet inclut \u00e9galement<\/b>\u00a0l\u2019acc\u00e8s au parc, au ch\u00e2teau, aux expositions temporaires, au Grandes Ecuries et aux d\u00e9monstrations de dressage de chevaux.<\/p>\n<p style=\"margin-bottom: 1.5em;\">Pr\u00e9parez vite votre\u00a0<a href=\"https:\/\/journeesdesplantesdechantilly.fr\/preparer-ma-visite\/\" target=\"_blank\" rel=\"noreferrer noopener\">visite<\/a>\u00a0pour ce rendez-vous incontournable d\u00e9di\u00e9 aux plantes, \u00e0 la biodiversit\u00e9 et aux tendances du jardin qui rassemble plus de 200 p\u00e9pini\u00e9ristes et exposants parmi les plus prestigieux d\u2019Europe !<\/p>\n<p><a href=\"https:\/\/chateaudechantilly.fr\/le-programme\/\" data-elementor-open-lightbox=\"\" target=\"_blank\" rel=\"noopener\"><img decoding=\"async\" class=\"size-medium wp-image-11483 aligncenter\" src=\"https:\/\/www.sylviebiollu.com\/site\/wp-content\/uploads\/2024\/05\/2024_jdp_insta_1080x1080-400x400.jpg\" alt=\"\" width=\"400\" height=\"400\" title=\"\" srcset=\"https:\/\/www.sylviebiollu.com\/site\/wp-content\/uploads\/2024\/05\/2024_jdp_insta_1080x1080-400x400.jpg 400w, https:\/\/www.sylviebiollu.com\/site\/wp-content\/uploads\/2024\/05\/2024_jdp_insta_1080x1080-280x280.jpg 280w, https:\/\/www.sylviebiollu.com\/site\/wp-content\/uploads\/2024\/05\/2024_jdp_insta_1080x1080-768x768.jpg 768w, https:\/\/www.sylviebiollu.com\/site\/wp-content\/uploads\/2024\/05\/2024_jdp_insta_1080x1080-800x800.jpg 800w, https:\/\/www.sylviebiollu.com\/site\/wp-content\/uploads\/2024\/05\/2024_jdp_insta_1080x1080-510x510.jpg 510w, https:\/\/www.sylviebiollu.com\/site\/wp-content\/uploads\/2024\/05\/2024_jdp_insta_1080x1080-100x100.jpg 100w, https:\/\/www.sylviebiollu.com\/site\/wp-content\/uploads\/2024\/05\/2024_jdp_insta_1080x1080.jpg 1080w\" sizes=\"(max-width: 400px) 100vw, 400px\" \/><br \/>\u00a0<\/a><\/p>\n\n","protected":false},"excerpt":{"rendered":"","protected":false},"author":1,"featured_media":11483,"comment_status":"open","ping_status":"closed","sticky":false,"template":"","format":"standard","meta":{"footnotes":""},"categories":[235],"tags":[533,535,456,534,455,536,458],"class_list":["post-11481","post","type-post","status-publish","format-standard","has-post-thumbnail","hentry","category-actualites","tag-533","tag-artisan","tag-chantilly","tag-expositions","tag-journee-des-plantes","tag-printemps","tag-salon"],"_links":{"self":[{"href":"https:\/\/www.sylviebiollu.com\/site\/wp-json\/wp\/v2\/posts\/11481","targetHints":{"allow":["GET"]}}],"collection":[{"href":"https:\/\/www.sylviebiollu.com\/site\/wp-json\/wp\/v2\/posts"}],"about":[{"href":"https:\/\/www.sylviebiollu.com\/site\/wp-json\/wp\/v2\/types\/post"}],"author":[{"embeddable":true,"href":"https:\/\/www.sylviebiollu.com\/site\/wp-json\/wp\/v2\/users\/1"}],"replies":[{"embeddable":true,"href":"https:\/\/www.sylviebiollu.com\/site\/wp-json\/wp\/v2\/comments?post=11481"}],"version-history":[{"count":4,"href":"https:\/\/www.sylviebiollu.com\/site\/wp-json\/wp\/v2\/posts\/11481\/revisions"}],"predecessor-version":[{"id":11686,"href":"https:\/\/www.sylviebiollu.com\/site\/wp-json\/wp\/v2\/posts\/11481\/revisions\/11686"}],"wp:featuredmedia":[{"embeddable":true,"href":"https:\/\/www.sylviebiollu.com\/site\/wp-json\/wp\/v2\/media\/11483"}],"wp:attachment":[{"href":"https:\/\/www.sylviebiollu.com\/site\/wp-json\/wp\/v2\/media?parent=11481"}],"wp:term":[{"taxonomy":"category","embeddable":true,"href":"https:\/\/www.sylviebiollu.com\/site\/wp-json\/wp\/v2\/categories?post=11481"},{"taxonomy":"post_tag","embeddable":true,"href":"https:\/\/www.sylviebiollu.com\/site\/wp-json\/wp\/v2\/tags?post=11481"}],"curies":[{"name":"wp","href":"https:\/\/api.w.org\/{rel}","templated":true}]}}