{"id":10912,"date":"2023-11-02T12:08:34","date_gmt":"2023-11-02T11:08:34","guid":{"rendered":"https:\/\/www.sylviebiollu.com\/site\/?p=10912"},"modified":"2024-11-06T16:52:31","modified_gmt":"2024-11-06T15:52:31","slug":"mif-2023","status":"publish","type":"post","link":"https:\/\/www.sylviebiollu.com\/site\/2023\/11\/02\/mif-2023\/","title":{"rendered":"MIF 2023"},"content":{"rendered":"\t\t<div data-elementor-type=\"wp-post\" data-elementor-id=\"10912\" class=\"elementor elementor-10912\">\n\t\t\t\t\t\t<section class=\"elementor-section elementor-top-section elementor-element elementor-element-95f19c6 elementor-section-boxed elementor-section-height-default elementor-section-height-default\" data-id=\"95f19c6\" data-element_type=\"section\">\n\t\t\t\t\t\t<div class=\"elementor-container elementor-column-gap-default\">\n\t\t\t\t\t<div class=\"elementor-column elementor-col-100 elementor-top-column elementor-element elementor-element-a6d61d7\" data-id=\"a6d61d7\" data-element_type=\"column\">\n\t\t\t<div class=\"elementor-widget-wrap elementor-element-populated\">\n\t\t\t\t\t\t<div class=\"elementor-element elementor-element-94d613c elementor-widget elementor-widget-image\" data-id=\"94d613c\" data-element_type=\"widget\" data-widget_type=\"image.default\">\n\t\t\t\t<div class=\"elementor-widget-container\">\n\t\t\t\t\t\t\t\t\t\t\t\t\t\t\t<img fetchpriority=\"high\" decoding=\"async\" width=\"851\" height=\"315\" src=\"https:\/\/www.sylviebiollu.com\/site\/wp-content\/uploads\/2023\/11\/image.png\" class=\"attachment-large size-large wp-image-10914\" alt=\"\" srcset=\"https:\/\/www.sylviebiollu.com\/site\/wp-content\/uploads\/2023\/11\/image.png 851w, https:\/\/www.sylviebiollu.com\/site\/wp-content\/uploads\/2023\/11\/image-800x296.png 800w, https:\/\/www.sylviebiollu.com\/site\/wp-content\/uploads\/2023\/11\/image-768x284.png 768w, https:\/\/www.sylviebiollu.com\/site\/wp-content\/uploads\/2023\/11\/image-510x189.png 510w, https:\/\/www.sylviebiollu.com\/site\/wp-content\/uploads\/2023\/11\/image-600x222.png 600w, https:\/\/www.sylviebiollu.com\/site\/wp-content\/uploads\/2023\/11\/image-400x148.png 400w\" sizes=\"(max-width: 851px) 100vw, 851px\" title=\"\">\t\t\t\t\t\t\t\t\t\t\t\t\t\t\t<\/div>\n\t\t\t\t<\/div>\n\t\t\t\t\t<\/div>\n\t\t<\/div>\n\t\t\t\t\t<\/div>\n\t\t<\/section>\n\t\t\t\t<section class=\"elementor-section elementor-top-section elementor-element elementor-element-af3fcf0 elementor-section-boxed elementor-section-height-default elementor-section-height-default\" data-id=\"af3fcf0\" data-element_type=\"section\">\n\t\t\t\t\t\t<div class=\"elementor-container elementor-column-gap-default\">\n\t\t\t\t\t<div class=\"elementor-column elementor-col-100 elementor-top-column elementor-element elementor-element-4437ae4\" data-id=\"4437ae4\" data-element_type=\"column\">\n\t\t\t<div class=\"elementor-widget-wrap elementor-element-populated\">\n\t\t\t\t\t\t<div class=\"elementor-element elementor-element-07abddc elementor-widget elementor-widget-text-editor\" data-id=\"07abddc\" data-element_type=\"widget\" data-widget_type=\"text-editor.default\">\n\t\t\t\t<div class=\"elementor-widget-container\">\n\t\t\t\t\t\t\t\t\t<h1 style=\"font-family: Eina03, 'Helvetica Neue', helvetica, arial, sans-serif; text-align: center;\"><strong>Sylvie Biollu sera pr\u00e9sente sur le<a href=\"https:\/\/www.mifexpo.fr\" target=\"_blank\" rel=\"noopener\"> salon MIF 2023<\/a> !<\/strong><\/h1>\n<h2 style=\"font-family: Thasadith, -apple-system, BlinkMacSystemFont, 'Segoe UI', Roboto, 'Helvetica Neue', Arial, sans-serif;\"><span style=\"font-size: 1.42857rem;\">Pavillon Ile de France &#8211; Stand Q56<\/span><\/h2>\n<div style=\"font-size: 16px; -webkit-font-smoothing: antialiased; text-rendering: optimizeLegibility; margin-bottom: 15px; caret-color: #000000; color: #000000; font-family: century-gothic, sans-serif;\">\n<div>&nbsp;<\/div>\n<div class=\"wpb_wrapper\" style=\"-webkit-font-smoothing: antialiased; text-rendering: optimizeLegibility; margin-bottom: 0px;\"><strong style=\"-webkit-font-smoothing: antialiased; text-rendering: optimizeLegibility;\"><span style=\"-webkit-font-smoothing: antialiased; text-rendering: optimizeLegibility; margin-bottom: 0px; color: #df281a;\">QUAND ?<\/span><\/strong><br style=\"-webkit-font-smoothing: antialiased; text-rendering: optimizeLegibility;\">Du 9 au 12 novembre 2023<br style=\"-webkit-font-smoothing: antialiased; text-rendering: optimizeLegibility;\">Le jeudi, vendredi et samedi de 10h \u00e0 19h<br style=\"-webkit-font-smoothing: antialiased; text-rendering: optimizeLegibility; margin-bottom: 0px;\">Le dimanche de 10h \u00e0 18h<\/div>\n<\/div>\n<div style=\"font-size: 16px; -webkit-font-smoothing: antialiased; text-rendering: optimizeLegibility; margin-bottom: 15px; caret-color: #000000; color: #000000; font-family: century-gothic, sans-serif;\">\n<div style=\"-webkit-font-smoothing: antialiased; text-rendering: optimizeLegibility; margin-bottom: 0px;\">\n<p style=\"-webkit-font-smoothing: antialiased; text-rendering: optimizeLegibility;\"><strong style=\"-webkit-font-smoothing: antialiased; text-rendering: optimizeLegibility;\"><span style=\"-webkit-font-smoothing: antialiased; text-rendering: optimizeLegibility; margin-bottom: 0px; color: #df281a;\">O\u00d9 ?<\/span><\/strong><\/p>\n<\/div>\n<\/div>\n<p><span style=\"caret-color: #000000; color: #000000; font-family: century-gothic, sans-serif; font-size: 16px;\">\u00c0&nbsp;Paris, Porte de Versailles &#8211; Hall 3<\/span><\/p>\n<p><strong style=\"font-size: 1rem;\"><a href=\"https:\/\/www.mifexpo.fr\/infos-pratiques-paris-2023\/\" target=\"_blank\" rel=\"noopener\">Informations pratiques<\/a> pour acc\u00e9der au salon et \u00e0 mon stand<\/strong><\/p>\t\t\t\t\t\t\t\t<\/div>\n\t\t\t\t<\/div>\n\t\t\t\t\t<\/div>\n\t\t<\/div>\n\t\t\t\t\t<\/div>\n\t\t<\/section>\n\t\t\t\t<\/div>\n\t\t","protected":false},"excerpt":{"rendered":"<p>Sylvie Biollu sera pr\u00e9sente sur le salon MIF 2023 ! Pavillon Ile de France &#8211; Stand Q56 &nbsp; QUAND ?Du 9 au 12 novembre 2023Le jeudi, vendredi et samedi de 10h \u00e0 19hLe dimanche de 10h \u00e0 18h O\u00d9 ? \u00c0&nbsp;Paris, Porte de Versailles &#8211; Hall 3 Informations pratiques pour acc\u00e9der au salon et \u00e0 [&#8230;]\n","protected":false},"author":1,"featured_media":10919,"comment_status":"open","ping_status":"closed","sticky":false,"template":"","format":"standard","meta":{"footnotes":""},"categories":[235],"tags":[459,461,460,462,463,458],"class_list":["post-10912","post","type-post","status-publish","format-standard","has-post-thumbnail","hentry","category-actualites","tag-exposition","tag-made-in-france","tag-mif","tag-novembre","tag-porte-de-versailles","tag-salon"],"_links":{"self":[{"href":"https:\/\/www.sylviebiollu.com\/site\/wp-json\/wp\/v2\/posts\/10912","targetHints":{"allow":["GET"]}}],"collection":[{"href":"https:\/\/www.sylviebiollu.com\/site\/wp-json\/wp\/v2\/posts"}],"about":[{"href":"https:\/\/www.sylviebiollu.com\/site\/wp-json\/wp\/v2\/types\/post"}],"author":[{"embeddable":true,"href":"https:\/\/www.sylviebiollu.com\/site\/wp-json\/wp\/v2\/users\/1"}],"replies":[{"embeddable":true,"href":"https:\/\/www.sylviebiollu.com\/site\/wp-json\/wp\/v2\/comments?post=10912"}],"version-history":[{"count":6,"href":"https:\/\/www.sylviebiollu.com\/site\/wp-json\/wp\/v2\/posts\/10912\/revisions"}],"predecessor-version":[{"id":11535,"href":"https:\/\/www.sylviebiollu.com\/site\/wp-json\/wp\/v2\/posts\/10912\/revisions\/11535"}],"wp:featuredmedia":[{"embeddable":true,"href":"https:\/\/www.sylviebiollu.com\/site\/wp-json\/wp\/v2\/media\/10919"}],"wp:attachment":[{"href":"https:\/\/www.sylviebiollu.com\/site\/wp-json\/wp\/v2\/media?parent=10912"}],"wp:term":[{"taxonomy":"category","embeddable":true,"href":"https:\/\/www.sylviebiollu.com\/site\/wp-json\/wp\/v2\/categories?post=10912"},{"taxonomy":"post_tag","embeddable":true,"href":"https:\/\/www.sylviebiollu.com\/site\/wp-json\/wp\/v2\/tags?post=10912"}],"curies":[{"name":"wp","href":"https:\/\/api.w.org\/{rel}","templated":true}]}}