{"id":10884,"date":"2023-09-19T13:59:48","date_gmt":"2023-09-19T11:59:48","guid":{"rendered":"https:\/\/www.sylviebiollu.com\/site\/?p=10884"},"modified":"2024-01-06T19:26:29","modified_gmt":"2024-01-06T18:26:29","slug":"exposition-aux-journees-des-plantes-de-chantilly-2","status":"publish","type":"post","link":"https:\/\/www.sylviebiollu.com\/site\/2023\/09\/19\/exposition-aux-journees-des-plantes-de-chantilly-2\/","title":{"rendered":"Exposition aux Journ\u00e9es des Plantes de Chantilly"},"content":{"rendered":"\t\t<div data-elementor-type=\"wp-post\" data-elementor-id=\"10884\" class=\"elementor elementor-10884\">\n\t\t\t\t\t\t<section class=\"elementor-section elementor-top-section elementor-element elementor-element-83fdbfa elementor-section-boxed elementor-section-height-default elementor-section-height-default\" data-id=\"83fdbfa\" data-element_type=\"section\">\n\t\t\t\t\t\t<div class=\"elementor-container elementor-column-gap-default\">\n\t\t\t\t\t<div class=\"elementor-column elementor-col-100 elementor-top-column elementor-element elementor-element-d692645\" data-id=\"d692645\" data-element_type=\"column\">\n\t\t\t<div class=\"elementor-widget-wrap elementor-element-populated\">\n\t\t\t\t\t\t<section class=\"elementor-section elementor-inner-section elementor-element elementor-element-1bcbc48 elementor-section-boxed elementor-section-height-default elementor-section-height-default\" data-id=\"1bcbc48\" data-element_type=\"section\">\n\t\t\t\t\t\t<div class=\"elementor-container elementor-column-gap-default\">\n\t\t\t\t\t<div class=\"elementor-column elementor-col-50 elementor-inner-column elementor-element elementor-element-ee48dd4\" data-id=\"ee48dd4\" data-element_type=\"column\">\n\t\t\t<div class=\"elementor-widget-wrap elementor-element-populated\">\n\t\t\t\t\t\t<div class=\"elementor-element elementor-element-2e1b473 elementor-widget elementor-widget-image\" data-id=\"2e1b473\" data-element_type=\"widget\" data-widget_type=\"image.default\">\n\t\t\t\t<div class=\"elementor-widget-container\">\n\t\t\t\t\t\t\t\t\t\t\t\t\t\t\t<img fetchpriority=\"high\" decoding=\"async\" width=\"800\" height=\"800\" src=\"https:\/\/www.sylviebiollu.com\/site\/wp-content\/uploads\/2023\/09\/img_2918-scaled-800x800.jpeg\" class=\"attachment-large size-large wp-image-10887\" alt=\"\" srcset=\"https:\/\/www.sylviebiollu.com\/site\/wp-content\/uploads\/2023\/09\/img_2918-scaled-800x800.jpeg 800w, https:\/\/www.sylviebiollu.com\/site\/wp-content\/uploads\/2023\/09\/img_2918-400x400.jpeg 400w, https:\/\/www.sylviebiollu.com\/site\/wp-content\/uploads\/2023\/09\/img_2918-scaled-280x280.jpeg 280w, https:\/\/www.sylviebiollu.com\/site\/wp-content\/uploads\/2023\/09\/img_2918-scaled-768x768.jpeg 768w, https:\/\/www.sylviebiollu.com\/site\/wp-content\/uploads\/2023\/09\/img_2918-scaled-1536x1536.jpeg 1536w, https:\/\/www.sylviebiollu.com\/site\/wp-content\/uploads\/2023\/09\/img_2918-scaled-2048x2048.jpeg 2048w, https:\/\/www.sylviebiollu.com\/site\/wp-content\/uploads\/2023\/09\/img_2918-scaled-510x510.jpeg 510w, https:\/\/www.sylviebiollu.com\/site\/wp-content\/uploads\/2023\/09\/img_2918-100x100.jpeg 100w, https:\/\/www.sylviebiollu.com\/site\/wp-content\/uploads\/2023\/09\/img_2918-600x600.jpeg 600w, https:\/\/www.sylviebiollu.com\/site\/wp-content\/uploads\/2023\/09\/img_2918-1024x1024.jpeg 1024w, https:\/\/www.sylviebiollu.com\/site\/wp-content\/uploads\/2023\/09\/img_2918-150x150.jpeg 150w\" sizes=\"(max-width: 800px) 100vw, 800px\" title=\"\">\t\t\t\t\t\t\t\t\t\t\t\t\t\t\t<\/div>\n\t\t\t\t<\/div>\n\t\t\t\t\t<\/div>\n\t\t<\/div>\n\t\t\t\t<div class=\"elementor-column elementor-col-50 elementor-inner-column elementor-element elementor-element-0ec382c\" data-id=\"0ec382c\" data-element_type=\"column\">\n\t\t\t<div class=\"elementor-widget-wrap elementor-element-populated\">\n\t\t\t\t\t\t<div class=\"elementor-element elementor-element-6aaaaf8 elementor-widget elementor-widget-image\" data-id=\"6aaaaf8\" data-element_type=\"widget\" data-widget_type=\"image.default\">\n\t\t\t\t<div class=\"elementor-widget-container\">\n\t\t\t\t\t\t\t\t\t\t\t\t\t\t\t<img decoding=\"async\" width=\"800\" height=\"800\" src=\"https:\/\/www.sylviebiollu.com\/site\/wp-content\/uploads\/2023\/09\/img_2917-scaled-800x800.jpeg\" class=\"attachment-large size-large wp-image-10886\" alt=\"\" srcset=\"https:\/\/www.sylviebiollu.com\/site\/wp-content\/uploads\/2023\/09\/img_2917-scaled-800x800.jpeg 800w, https:\/\/www.sylviebiollu.com\/site\/wp-content\/uploads\/2023\/09\/img_2917-400x400.jpeg 400w, https:\/\/www.sylviebiollu.com\/site\/wp-content\/uploads\/2023\/09\/img_2917-scaled-280x280.jpeg 280w, https:\/\/www.sylviebiollu.com\/site\/wp-content\/uploads\/2023\/09\/img_2917-scaled-768x768.jpeg 768w, https:\/\/www.sylviebiollu.com\/site\/wp-content\/uploads\/2023\/09\/img_2917-scaled-1536x1536.jpeg 1536w, https:\/\/www.sylviebiollu.com\/site\/wp-content\/uploads\/2023\/09\/img_2917-scaled-2048x2048.jpeg 2048w, https:\/\/www.sylviebiollu.com\/site\/wp-content\/uploads\/2023\/09\/img_2917-scaled-510x510.jpeg 510w, https:\/\/www.sylviebiollu.com\/site\/wp-content\/uploads\/2023\/09\/img_2917-100x100.jpeg 100w, https:\/\/www.sylviebiollu.com\/site\/wp-content\/uploads\/2023\/09\/img_2917-600x600.jpeg 600w, https:\/\/www.sylviebiollu.com\/site\/wp-content\/uploads\/2023\/09\/img_2917-1024x1024.jpeg 1024w, https:\/\/www.sylviebiollu.com\/site\/wp-content\/uploads\/2023\/09\/img_2917-150x150.jpeg 150w\" sizes=\"(max-width: 800px) 100vw, 800px\" title=\"\">\t\t\t\t\t\t\t\t\t\t\t\t\t\t\t<\/div>\n\t\t\t\t<\/div>\n\t\t\t\t\t<\/div>\n\t\t<\/div>\n\t\t\t\t\t<\/div>\n\t\t<\/section>\n\t\t\t\t\t<\/div>\n\t\t<\/div>\n\t\t\t\t\t<\/div>\n\t\t<\/section>\n\t\t\t\t<section class=\"elementor-section elementor-top-section elementor-element elementor-element-81626a0 elementor-section-boxed elementor-section-height-default elementor-section-height-default\" data-id=\"81626a0\" data-element_type=\"section\">\n\t\t\t\t\t\t<div class=\"elementor-container elementor-column-gap-default\">\n\t\t\t\t\t<div class=\"elementor-column elementor-col-100 elementor-top-column elementor-element elementor-element-977f607\" data-id=\"977f607\" data-element_type=\"column\">\n\t\t\t<div class=\"elementor-widget-wrap elementor-element-populated\">\n\t\t\t\t\t\t<div class=\"elementor-element elementor-element-8b9d52d elementor-widget elementor-widget-text-editor\" data-id=\"8b9d52d\" data-element_type=\"widget\" data-widget_type=\"text-editor.default\">\n\t\t\t\t<div class=\"elementor-widget-container\">\n\t\t\t\t\t\t\t\t\t<h1 style=\"text-align: center;\"><span class=\"has-inline-color\" style=\"color: #db8300;\"><strong>Dans le cadre majestueux du parc du Ch\u00e2teau de Chantilly<\/strong><\/span><\/h1><p><strong>Les Vendredi 6, Samedi 7 et Dimanche 8 Octobre 2023,\u00a0<span class=\"has-inline-color\" style=\"color: #db8300;\"><span style=\"font-style: italic;\">Sylvie Biollu<\/span><\/span><\/strong>\u00a0exposera \u00e0 nouveau ses cr\u00e9ations \u00e0 la <a href=\"https:\/\/chateaudechantilly.fr\/les-journees-des-plantes-de-chantilly\/\" target=\"_blank\" rel=\"noopener\">Journ\u00e9e des Plantes de Chantilly,<\/a> dans le th\u00e8me \u201c<strong><a href=\"https:\/\/chateaudechantilly.fr\/le-theme\/\" target=\"_blank\" rel=\"noopener\">La magie des couleurs d\u2019Automne<\/a>&#8220;. <\/strong>Cet\u00a0<strong>\u00e9v\u00e9nement international<\/strong>, unique en Europe, est depuis plus de 30 ans une r\u00e9f\u00e9rence dans le monde du jardin<\/p><p>Les horaires d\u2019ouverture sont du vendredi au dimanche de 10h \u00e0 18h. Fermeture des billetteries \u00e0 17h. Services gratuits de navette depuis la gare de Chantilly, de consigne, d\u2019ateliers et de transport des plantes vers les parkings.\u00a0<\/p><p><b>Et pour passer une excellente\u00a0journ\u00e9e, votre billet inclut \u00e9galement<\/b>\u00a0l\u2019acc\u00e8s au parc, au ch\u00e2teau, aux expositions temporaires, au Grandes Ecuries et aux d\u00e9monstrations de dressage de chevaux.<\/p><p style=\"margin-bottom: 1.5em;\">Pr\u00e9parez vite votre\u00a0<a href=\"https:\/\/billetterie.chateaudechantilly.fr\/fr-FR\/produits?fbq_3dIfIhprPp=1502259024270300007\" target=\"_blank\" rel=\"noreferrer noopener\">visite<\/a>\u00a0pour ce rendez-vous incontournable d\u00e9di\u00e9 aux plantes, \u00e0 la biodiversit\u00e9 et aux tendances du jardin qui rassemble plus de 200 p\u00e9pini\u00e9ristes et exposants parmi les plus prestigieux d\u2019Europe !<\/p>\t\t\t\t\t\t\t\t<\/div>\n\t\t\t\t<\/div>\n\t\t\t\t\t<\/div>\n\t\t<\/div>\n\t\t\t\t\t<\/div>\n\t\t<\/section>\n\t\t\t\t<section class=\"elementor-section elementor-top-section elementor-element elementor-element-f3ab7ff elementor-section-boxed elementor-section-height-default elementor-section-height-default\" data-id=\"f3ab7ff\" data-element_type=\"section\">\n\t\t\t\t\t\t<div class=\"elementor-container elementor-column-gap-default\">\n\t\t\t\t\t<div class=\"elementor-column elementor-col-100 elementor-top-column elementor-element elementor-element-853e2f3\" data-id=\"853e2f3\" data-element_type=\"column\">\n\t\t\t<div class=\"elementor-widget-wrap elementor-element-populated\">\n\t\t\t\t\t\t<div class=\"elementor-element elementor-element-3cbdd4c elementor-widget elementor-widget-image\" data-id=\"3cbdd4c\" data-element_type=\"widget\" data-widget_type=\"image.default\">\n\t\t\t\t<div class=\"elementor-widget-container\">\n\t\t\t\t\t\t\t\t\t\t\t\t\t\t\t\t<a href=\"https:\/\/chateaudechantilly.fr\/le-programme\/\" target=\"_blank\" rel=\"noopener\">\n\t\t\t\t\t\t\t<img decoding=\"async\" src=\"https:\/\/www.sylviebiollu.com\/site\/wp-content\/uploads\/2023\/09\/affiche-chantilly_jdp_oct_2023.pdf\" title=\"\" alt=\"\" loading=\"lazy\">\t\t\t\t\t\t\t\t<\/a>\n\t\t\t\t\t\t\t\t\t\t\t\t\t\t\t<\/div>\n\t\t\t\t<\/div>\n\t\t\t\t\t<\/div>\n\t\t<\/div>\n\t\t\t\t\t<\/div>\n\t\t<\/section>\n\t\t\t\t<\/div>\n\t\t","protected":false},"excerpt":{"rendered":"<p>Dans le cadre majestueux du parc du Ch\u00e2teau de Chantilly Les Vendredi 6, Samedi 7 et Dimanche 8 Octobre 2023,\u00a0Sylvie Biollu\u00a0exposera \u00e0 nouveau ses cr\u00e9ations \u00e0 la Journ\u00e9e des Plantes de Chantilly, dans le th\u00e8me \u201cLa magie des couleurs d\u2019Automne&#8220;. Cet\u00a0\u00e9v\u00e9nement international, unique en Europe, est depuis plus de 30 ans une r\u00e9f\u00e9rence dans le [&#8230;]\n","protected":false},"author":1,"featured_media":10887,"comment_status":"closed","ping_status":"closed","sticky":false,"template":"","format":"standard","meta":{"footnotes":""},"categories":[235],"tags":[456,459,455,457,458],"class_list":["post-10884","post","type-post","status-publish","format-standard","has-post-thumbnail","hentry","category-actualites","tag-chantilly","tag-exposition","tag-journee-des-plantes","tag-octobre","tag-salon"],"_links":{"self":[{"href":"https:\/\/www.sylviebiollu.com\/site\/wp-json\/wp\/v2\/posts\/10884","targetHints":{"allow":["GET"]}}],"collection":[{"href":"https:\/\/www.sylviebiollu.com\/site\/wp-json\/wp\/v2\/posts"}],"about":[{"href":"https:\/\/www.sylviebiollu.com\/site\/wp-json\/wp\/v2\/types\/post"}],"author":[{"embeddable":true,"href":"https:\/\/www.sylviebiollu.com\/site\/wp-json\/wp\/v2\/users\/1"}],"replies":[{"embeddable":true,"href":"https:\/\/www.sylviebiollu.com\/site\/wp-json\/wp\/v2\/comments?post=10884"}],"version-history":[{"count":17,"href":"https:\/\/www.sylviebiollu.com\/site\/wp-json\/wp\/v2\/posts\/10884\/revisions"}],"predecessor-version":[{"id":11255,"href":"https:\/\/www.sylviebiollu.com\/site\/wp-json\/wp\/v2\/posts\/10884\/revisions\/11255"}],"wp:featuredmedia":[{"embeddable":true,"href":"https:\/\/www.sylviebiollu.com\/site\/wp-json\/wp\/v2\/media\/10887"}],"wp:attachment":[{"href":"https:\/\/www.sylviebiollu.com\/site\/wp-json\/wp\/v2\/media?parent=10884"}],"wp:term":[{"taxonomy":"category","embeddable":true,"href":"https:\/\/www.sylviebiollu.com\/site\/wp-json\/wp\/v2\/categories?post=10884"},{"taxonomy":"post_tag","embeddable":true,"href":"https:\/\/www.sylviebiollu.com\/site\/wp-json\/wp\/v2\/tags?post=10884"}],"curies":[{"name":"wp","href":"https:\/\/api.w.org\/{rel}","templated":true}]}}